{"id":823,"date":"2019-05-09T15:05:45","date_gmt":"2019-05-09T13:05:45","guid":{"rendered":"http:\/\/stenhammar.hamstage.hamrenmedia.se\/den-63e-wfimc-generalforsamling-lanserades-pa-schweiziska-ambassaden-i-berlin\/"},"modified":"2019-10-16T13:03:53","modified_gmt":"2019-10-16T11:03:53","slug":"den-63e-wfimc-generalforsamling-lanserades-pa-schweiziska-ambassaden-i-berlin","status":"publish","type":"post","link":"https:\/\/www.stenhammarcompetition.se\/sv\/den-63e-wfimc-generalforsamling-lanserades-pa-schweiziska-ambassaden-i-berlin\/","title":{"rendered":"Den 63:e WFIMC generalf\u00f6rsamling lanserades p\u00e5 schweiziska ambassaden i Berlin"},"content":{"rendered":"<p>63:e WFIMC General Assembly 2019 h\u00e5lls i De Geerhallen Norrk\u00f6ping 8-11 maj 2019. \u00c5rsm\u00f6tet lanserades p\u00e5 schweiziska ambassaden i Berlin, d\u00e4r Sonja Stenhammar och Claes Egnell representerade Wilhelm Stenhammar International Music Competition, \u200bsom \u00e4r v\u00e4rdar f\u00f6r \u00e5rsm\u00f6tet i maj. <a href=\"https:\/\/wfimc-fmcim.org\/wfimc-general-assembly-launched-at-swiss-embassy-in-berlin\/\">Klicka h\u00e4r f\u00f6r att forts\u00e4tta l\u00e4sa!(p\u00e5 engelska)<\/a><\/p>\n<p><em>Foto WFIMC (fr\u00e5n v\u00e4nster till h\u00f6ger):\u00a0<strong>Didier Schnorhk<\/strong>\u00a0(President,\u00a0<a href=\"https:\/\/wfimc-fmcim.org\/#!map\" target=\"_blank\" rel=\"noopener noreferrer\">WFIMC<\/a>),\u00a0<strong>Benjamin Woodroffe<\/strong>\u00a0(Secretary General,\u00a0<a href=\"https:\/\/wfimc-fmcim.org\/#!map\" target=\"_blank\" rel=\"noopener noreferrer\">WFIMC<\/a>),\u00a0<strong>Sonja Stenhammar<\/strong>\u00a0(Founder &amp; Artistic Director,\u00a0<a href=\"https:\/\/www.stenhammarcompetition.se\/\" target=\"_blank\" rel=\"noopener noreferrer\">Wilhelm Stenhammar International Music Competition<\/a>),\u00a0<strong>Paul R. Seger<\/strong>\u00a0(<a href=\"https:\/\/www.eda.admin.ch\/berlin.html\" target=\"_blank\" rel=\"noopener noreferrer\">Swiss Ambassador to the Federal Republic of Germany<\/a>),\u00a0<strong>Claes Egnell<\/strong>\u00a0(President,\u00a0<a href=\"https:\/\/www.stenhammarcompetition.se\/\" target=\"_blank\" rel=\"noopener noreferrer\">Wilhelm Stenhammar International Music Competition<\/a>)<\/em><\/p>\n","protected":false},"excerpt":{"rendered":"<p>63:e WFIMC General Assembly 2019 h\u00e5lls i De Geerhallen Norrk\u00f6ping 8-11 maj 2019. \u00c5rsm\u00f6tet lanserades p\u00e5 schweiziska ambassaden i Berlin, d\u00e4r Sonja Stenhammar och Claes Egnell representerade Wilhelm Stenhammar International Music Competition, \u200bsom \u00e4r v\u00e4rdar f\u00f6r \u00e5rsm\u00f6tet i maj. Klicka h\u00e4r f\u00f6r att forts\u00e4tta l\u00e4sa!(p\u00e5 engelska) Foto WFIMC (fr\u00e5n v\u00e4nster till h\u00f6ger):\u00a0Didier Schnorhk\u00a0(President,\u00a0WFIMC),\u00a0Benjamin Woodroffe\u00a0(Secretary General,\u00a0WFIMC),\u00a0Sonja [&hellip;]<\/p>\n","protected":false},"author":1,"featured_media":826,"comment_status":"open","ping_status":"open","sticky":false,"template":"","format":"standard","meta":[],"categories":[27],"tags":[],"acf":[],"yoast_head":"<!-- This site is optimized with the Yoast SEO plugin v20.9 - https:\/\/yoast.com\/wordpress\/plugins\/seo\/ -->\n<title>Den 63:e WFIMC generalf\u00f6rsamling lanserades p\u00e5 schweiziska ambassaden i Berlin - WSIMC<\/title>\n<meta name=\"robots\" content=\"index, follow, max-snippet:-1, max-image-preview:large, max-video-preview:-1\" \/>\n<link rel=\"canonical\" href=\"https:\/\/www.stenhammarcompetition.se\/sv\/den-63e-wfimc-generalforsamling-lanserades-pa-schweiziska-ambassaden-i-berlin\/\" \/>\n<meta property=\"og:locale\" content=\"sv_SE\" \/>\n<meta property=\"og:type\" content=\"article\" \/>\n<meta property=\"og:title\" content=\"Den 63:e WFIMC generalf\u00f6rsamling lanserades p\u00e5 schweiziska ambassaden i Berlin - WSIMC\" \/>\n<meta property=\"og:description\" content=\"63:e WFIMC General Assembly 2019 h\u00e5lls i De Geerhallen Norrk\u00f6ping 8-11 maj 2019. \u00c5rsm\u00f6tet lanserades p\u00e5 schweiziska ambassaden i Berlin, d\u00e4r Sonja Stenhammar och Claes Egnell representerade Wilhelm Stenhammar International Music Competition, \u200bsom \u00e4r v\u00e4rdar f\u00f6r \u00e5rsm\u00f6tet i maj. Klicka h\u00e4r f\u00f6r att forts\u00e4tta l\u00e4sa!(p\u00e5 engelska) Foto WFIMC (fr\u00e5n v\u00e4nster till h\u00f6ger):\u00a0Didier Schnorhk\u00a0(President,\u00a0WFIMC),\u00a0Benjamin Woodroffe\u00a0(Secretary General,\u00a0WFIMC),\u00a0Sonja [&hellip;]\" \/>\n<meta property=\"og:url\" content=\"https:\/\/www.stenhammarcompetition.se\/sv\/den-63e-wfimc-generalforsamling-lanserades-pa-schweiziska-ambassaden-i-berlin\/\" \/>\n<meta property=\"og:site_name\" content=\"WSIMC\" \/>\n<meta property=\"article:published_time\" content=\"2019-05-09T13:05:45+00:00\" \/>\n<meta property=\"article:modified_time\" content=\"2019-10-16T11:03:53+00:00\" \/>\n<meta property=\"og:image\" content=\"https:\/\/www.stenhammarcompetition.se\/wp-content\/uploads\/2019\/09\/artikel_63_WFIMC_Berlin.jpg\" \/>\n\t<meta property=\"og:image:width\" content=\"560\" \/>\n\t<meta property=\"og:image:height\" content=\"315\" \/>\n\t<meta property=\"og:image:type\" content=\"image\/jpeg\" \/>\n<meta name=\"author\" content=\"hamren\" \/>\n<meta name=\"twitter:card\" content=\"summary_large_image\" \/>\n<meta name=\"twitter:label1\" content=\"Skriven av\" \/>\n\t<meta name=\"twitter:data1\" content=\"hamren\" \/>\n\t<meta name=\"twitter:label2\" content=\"Ber\u00e4knad l\u00e4stid\" \/>\n\t<meta name=\"twitter:data2\" content=\"1 minut\" \/>\n<script type=\"application\/ld+json\" class=\"yoast-schema-graph\">{\"@context\":\"https:\/\/schema.org\",\"@graph\":[{\"@type\":\"WebPage\",\"@id\":\"https:\/\/www.stenhammarcompetition.se\/sv\/den-63e-wfimc-generalforsamling-lanserades-pa-schweiziska-ambassaden-i-berlin\/\",\"url\":\"https:\/\/www.stenhammarcompetition.se\/sv\/den-63e-wfimc-generalforsamling-lanserades-pa-schweiziska-ambassaden-i-berlin\/\",\"name\":\"Den 63:e WFIMC generalf\u00f6rsamling lanserades p\u00e5 schweiziska ambassaden i Berlin - WSIMC\",\"isPartOf\":{\"@id\":\"https:\/\/www.stenhammarcompetition.se\/sv\/#website\"},\"datePublished\":\"2019-05-09T13:05:45+00:00\",\"dateModified\":\"2019-10-16T11:03:53+00:00\",\"author\":{\"@id\":\"https:\/\/www.stenhammarcompetition.se\/sv\/#\/schema\/person\/a15ebc9145bfb28be9461ff01805b091\"},\"breadcrumb\":{\"@id\":\"https:\/\/www.stenhammarcompetition.se\/sv\/den-63e-wfimc-generalforsamling-lanserades-pa-schweiziska-ambassaden-i-berlin\/#breadcrumb\"},\"inLanguage\":\"sv-SE\",\"potentialAction\":[{\"@type\":\"ReadAction\",\"target\":[\"https:\/\/www.stenhammarcompetition.se\/sv\/den-63e-wfimc-generalforsamling-lanserades-pa-schweiziska-ambassaden-i-berlin\/\"]}]},{\"@type\":\"BreadcrumbList\",\"@id\":\"https:\/\/www.stenhammarcompetition.se\/sv\/den-63e-wfimc-generalforsamling-lanserades-pa-schweiziska-ambassaden-i-berlin\/#breadcrumb\",\"itemListElement\":[{\"@type\":\"ListItem\",\"position\":1,\"name\":\"WSIMC\",\"item\":\"https:\/\/www.stenhammarcompetition.se\/sv\/\"},{\"@type\":\"ListItem\",\"position\":2,\"name\":\"Den 63:e WFIMC generalf\u00f6rsamling lanserades p\u00e5 schweiziska ambassaden i Berlin\"}]},{\"@type\":\"WebSite\",\"@id\":\"https:\/\/www.stenhammarcompetition.se\/sv\/#website\",\"url\":\"https:\/\/www.stenhammarcompetition.se\/sv\/\",\"name\":\"WSIMC\",\"description\":\"Wilhelm Stenhammar International Music Competition\",\"potentialAction\":[{\"@type\":\"SearchAction\",\"target\":{\"@type\":\"EntryPoint\",\"urlTemplate\":\"https:\/\/www.stenhammarcompetition.se\/sv\/?s={search_term_string}\"},\"query-input\":\"required name=search_term_string\"}],\"inLanguage\":\"sv-SE\"},{\"@type\":\"Person\",\"@id\":\"https:\/\/www.stenhammarcompetition.se\/sv\/#\/schema\/person\/a15ebc9145bfb28be9461ff01805b091\",\"name\":\"hamren\",\"image\":{\"@type\":\"ImageObject\",\"inLanguage\":\"sv-SE\",\"@id\":\"https:\/\/www.stenhammarcompetition.se\/sv\/#\/schema\/person\/image\/\",\"url\":\"https:\/\/secure.gravatar.com\/avatar\/fd0e55355feafd71213460eaf424ae46?s=96&d=mm&r=g\",\"contentUrl\":\"https:\/\/secure.gravatar.com\/avatar\/fd0e55355feafd71213460eaf424ae46?s=96&d=mm&r=g\",\"caption\":\"hamren\"},\"url\":\"https:\/\/www.stenhammarcompetition.se\/sv\/author\/hamren\/\"}]}<\/script>\n<!-- \/ Yoast SEO plugin. -->","yoast_head_json":{"title":"Den 63:e WFIMC generalf\u00f6rsamling lanserades p\u00e5 schweiziska ambassaden i Berlin - WSIMC","robots":{"index":"index","follow":"follow","max-snippet":"max-snippet:-1","max-image-preview":"max-image-preview:large","max-video-preview":"max-video-preview:-1"},"canonical":"https:\/\/www.stenhammarcompetition.se\/sv\/den-63e-wfimc-generalforsamling-lanserades-pa-schweiziska-ambassaden-i-berlin\/","og_locale":"sv_SE","og_type":"article","og_title":"Den 63:e WFIMC generalf\u00f6rsamling lanserades p\u00e5 schweiziska ambassaden i Berlin - WSIMC","og_description":"63:e WFIMC General Assembly 2019 h\u00e5lls i De Geerhallen Norrk\u00f6ping 8-11 maj 2019. \u00c5rsm\u00f6tet lanserades p\u00e5 schweiziska ambassaden i Berlin, d\u00e4r Sonja Stenhammar och Claes Egnell representerade Wilhelm Stenhammar International Music Competition, \u200bsom \u00e4r v\u00e4rdar f\u00f6r \u00e5rsm\u00f6tet i maj. Klicka h\u00e4r f\u00f6r att forts\u00e4tta l\u00e4sa!(p\u00e5 engelska) Foto WFIMC (fr\u00e5n v\u00e4nster till h\u00f6ger):\u00a0Didier Schnorhk\u00a0(President,\u00a0WFIMC),\u00a0Benjamin Woodroffe\u00a0(Secretary General,\u00a0WFIMC),\u00a0Sonja [&hellip;]","og_url":"https:\/\/www.stenhammarcompetition.se\/sv\/den-63e-wfimc-generalforsamling-lanserades-pa-schweiziska-ambassaden-i-berlin\/","og_site_name":"WSIMC","article_published_time":"2019-05-09T13:05:45+00:00","article_modified_time":"2019-10-16T11:03:53+00:00","og_image":[{"width":560,"height":315,"url":"https:\/\/www.stenhammarcompetition.se\/wp-content\/uploads\/2019\/09\/artikel_63_WFIMC_Berlin.jpg","type":"image\/jpeg"}],"author":"hamren","twitter_card":"summary_large_image","twitter_misc":{"Skriven av":"hamren","Ber\u00e4knad l\u00e4stid":"1 minut"},"schema":{"@context":"https:\/\/schema.org","@graph":[{"@type":"WebPage","@id":"https:\/\/www.stenhammarcompetition.se\/sv\/den-63e-wfimc-generalforsamling-lanserades-pa-schweiziska-ambassaden-i-berlin\/","url":"https:\/\/www.stenhammarcompetition.se\/sv\/den-63e-wfimc-generalforsamling-lanserades-pa-schweiziska-ambassaden-i-berlin\/","name":"Den 63:e WFIMC generalf\u00f6rsamling lanserades p\u00e5 schweiziska ambassaden i Berlin - WSIMC","isPartOf":{"@id":"https:\/\/www.stenhammarcompetition.se\/sv\/#website"},"datePublished":"2019-05-09T13:05:45+00:00","dateModified":"2019-10-16T11:03:53+00:00","author":{"@id":"https:\/\/www.stenhammarcompetition.se\/sv\/#\/schema\/person\/a15ebc9145bfb28be9461ff01805b091"},"breadcrumb":{"@id":"https:\/\/www.stenhammarcompetition.se\/sv\/den-63e-wfimc-generalforsamling-lanserades-pa-schweiziska-ambassaden-i-berlin\/#breadcrumb"},"inLanguage":"sv-SE","potentialAction":[{"@type":"ReadAction","target":["https:\/\/www.stenhammarcompetition.se\/sv\/den-63e-wfimc-generalforsamling-lanserades-pa-schweiziska-ambassaden-i-berlin\/"]}]},{"@type":"BreadcrumbList","@id":"https:\/\/www.stenhammarcompetition.se\/sv\/den-63e-wfimc-generalforsamling-lanserades-pa-schweiziska-ambassaden-i-berlin\/#breadcrumb","itemListElement":[{"@type":"ListItem","position":1,"name":"WSIMC","item":"https:\/\/www.stenhammarcompetition.se\/sv\/"},{"@type":"ListItem","position":2,"name":"Den 63:e WFIMC generalf\u00f6rsamling lanserades p\u00e5 schweiziska ambassaden i Berlin"}]},{"@type":"WebSite","@id":"https:\/\/www.stenhammarcompetition.se\/sv\/#website","url":"https:\/\/www.stenhammarcompetition.se\/sv\/","name":"WSIMC","description":"Wilhelm Stenhammar International Music Competition","potentialAction":[{"@type":"SearchAction","target":{"@type":"EntryPoint","urlTemplate":"https:\/\/www.stenhammarcompetition.se\/sv\/?s={search_term_string}"},"query-input":"required name=search_term_string"}],"inLanguage":"sv-SE"},{"@type":"Person","@id":"https:\/\/www.stenhammarcompetition.se\/sv\/#\/schema\/person\/a15ebc9145bfb28be9461ff01805b091","name":"hamren","image":{"@type":"ImageObject","inLanguage":"sv-SE","@id":"https:\/\/www.stenhammarcompetition.se\/sv\/#\/schema\/person\/image\/","url":"https:\/\/secure.gravatar.com\/avatar\/fd0e55355feafd71213460eaf424ae46?s=96&d=mm&r=g","contentUrl":"https:\/\/secure.gravatar.com\/avatar\/fd0e55355feafd71213460eaf424ae46?s=96&d=mm&r=g","caption":"hamren"},"url":"https:\/\/www.stenhammarcompetition.se\/sv\/author\/hamren\/"}]}},"_links":{"self":[{"href":"https:\/\/www.stenhammarcompetition.se\/sv\/wp-json\/wp\/v2\/posts\/823"}],"collection":[{"href":"https:\/\/www.stenhammarcompetition.se\/sv\/wp-json\/wp\/v2\/posts"}],"about":[{"href":"https:\/\/www.stenhammarcompetition.se\/sv\/wp-json\/wp\/v2\/types\/post"}],"author":[{"embeddable":true,"href":"https:\/\/www.stenhammarcompetition.se\/sv\/wp-json\/wp\/v2\/users\/1"}],"replies":[{"embeddable":true,"href":"https:\/\/www.stenhammarcompetition.se\/sv\/wp-json\/wp\/v2\/comments?post=823"}],"version-history":[{"count":1,"href":"https:\/\/www.stenhammarcompetition.se\/sv\/wp-json\/wp\/v2\/posts\/823\/revisions"}],"predecessor-version":[{"id":825,"href":"https:\/\/www.stenhammarcompetition.se\/sv\/wp-json\/wp\/v2\/posts\/823\/revisions\/825"}],"wp:featuredmedia":[{"embeddable":true,"href":"https:\/\/www.stenhammarcompetition.se\/sv\/wp-json\/wp\/v2\/media\/826"}],"wp:attachment":[{"href":"https:\/\/www.stenhammarcompetition.se\/sv\/wp-json\/wp\/v2\/media?parent=823"}],"wp:term":[{"taxonomy":"category","embeddable":true,"href":"https:\/\/www.stenhammarcompetition.se\/sv\/wp-json\/wp\/v2\/categories?post=823"},{"taxonomy":"post_tag","embeddable":true,"href":"https:\/\/www.stenhammarcompetition.se\/sv\/wp-json\/wp\/v2\/tags?post=823"}],"curies":[{"name":"wp","href":"https:\/\/api.w.org\/{rel}","templated":true}]}}