{"id":819,"date":"2019-05-10T15:01:20","date_gmt":"2019-05-10T13:01:20","guid":{"rendered":"http:\/\/stenhammar.hamstage.hamrenmedia.se\/?p=819"},"modified":"2019-10-16T13:03:42","modified_gmt":"2019-10-16T11:03:42","slug":"internationella-musiktavlingar-mots","status":"publish","type":"post","link":"https:\/\/www.stenhammarcompetition.se\/sv\/internationella-musiktavlingar-mots\/","title":{"rendered":"Internationella musikt\u00e4vlingar m\u00f6ts"},"content":{"rendered":"<p>\u201dMycket musik ska det bli, bland annat konserter med nystartade Pratt\u00e9festivalen, men fr\u00e4mst mycket diskussioner. V\u00e4rdinnan Sonja Stenhammar hoppas p\u00e5 utvecklande samtal f\u00f6r alla, ett givande och ett tagande.\u201d<\/p>\n<p><a href=\"https:\/\/www.kultursidan.nu\/?p=41395\" target=\"_blank\" rel=\"noopener noreferrer\">Kolla h\u00e4r f\u00f6r mer information!<\/a><\/p>\n<p><em>Foto: Ann-Charlotte Sandelin<\/em><\/p>\n","protected":false},"excerpt":{"rendered":"<p>\u201dMycket musik ska det bli, bland annat konserter med nystartade Pratt\u00e9festivalen, men fr\u00e4mst mycket diskussioner. V\u00e4rdinnan Sonja Stenhammar hoppas p\u00e5 utvecklande samtal f\u00f6r alla, ett givande och ett tagande.\u201d Kolla h\u00e4r f\u00f6r mer information! Foto: Ann-Charlotte Sandelin<\/p>\n","protected":false},"author":1,"featured_media":820,"comment_status":"open","ping_status":"open","sticky":false,"template":"","format":"standard","meta":[],"categories":[27],"tags":[],"acf":[],"yoast_head":"<!-- This site is optimized with the Yoast SEO plugin v20.9 - https:\/\/yoast.com\/wordpress\/plugins\/seo\/ -->\n<title>Internationella musikt\u00e4vlingar m\u00f6ts - WSIMC<\/title>\n<meta name=\"robots\" content=\"index, follow, max-snippet:-1, max-image-preview:large, max-video-preview:-1\" \/>\n<link rel=\"canonical\" href=\"https:\/\/www.stenhammarcompetition.se\/sv\/internationella-musiktavlingar-mots\/\" \/>\n<meta property=\"og:locale\" content=\"sv_SE\" \/>\n<meta property=\"og:type\" content=\"article\" \/>\n<meta property=\"og:title\" content=\"Internationella musikt\u00e4vlingar m\u00f6ts - WSIMC\" \/>\n<meta property=\"og:description\" content=\"\u201dMycket musik ska det bli, bland annat konserter med nystartade Pratt\u00e9festivalen, men fr\u00e4mst mycket diskussioner. V\u00e4rdinnan Sonja Stenhammar hoppas p\u00e5 utvecklande samtal f\u00f6r alla, ett givande och ett tagande.\u201d Kolla h\u00e4r f\u00f6r mer information! Foto: Ann-Charlotte Sandelin\" \/>\n<meta property=\"og:url\" content=\"https:\/\/www.stenhammarcompetition.se\/sv\/internationella-musiktavlingar-mots\/\" \/>\n<meta property=\"og:site_name\" content=\"WSIMC\" \/>\n<meta property=\"article:published_time\" content=\"2019-05-10T13:01:20+00:00\" \/>\n<meta property=\"article:modified_time\" content=\"2019-10-16T11:03:42+00:00\" \/>\n<meta property=\"og:image\" content=\"https:\/\/www.stenhammarcompetition.se\/wp-content\/uploads\/2019\/10\/DSCF9466-768xddd512.jpg\" \/>\n\t<meta property=\"og:image:width\" content=\"722\" \/>\n\t<meta property=\"og:image:height\" content=\"305\" \/>\n\t<meta property=\"og:image:type\" content=\"image\/jpeg\" \/>\n<meta name=\"author\" content=\"hamren\" \/>\n<meta name=\"twitter:card\" content=\"summary_large_image\" \/>\n<meta name=\"twitter:label1\" content=\"Skriven av\" \/>\n\t<meta name=\"twitter:data1\" content=\"hamren\" \/>\n<script type=\"application\/ld+json\" class=\"yoast-schema-graph\">{\"@context\":\"https:\/\/schema.org\",\"@graph\":[{\"@type\":\"WebPage\",\"@id\":\"https:\/\/www.stenhammarcompetition.se\/sv\/internationella-musiktavlingar-mots\/\",\"url\":\"https:\/\/www.stenhammarcompetition.se\/sv\/internationella-musiktavlingar-mots\/\",\"name\":\"Internationella musikt\u00e4vlingar m\u00f6ts - WSIMC\",\"isPartOf\":{\"@id\":\"https:\/\/www.stenhammarcompetition.se\/sv\/#website\"},\"datePublished\":\"2019-05-10T13:01:20+00:00\",\"dateModified\":\"2019-10-16T11:03:42+00:00\",\"author\":{\"@id\":\"https:\/\/www.stenhammarcompetition.se\/sv\/#\/schema\/person\/a15ebc9145bfb28be9461ff01805b091\"},\"breadcrumb\":{\"@id\":\"https:\/\/www.stenhammarcompetition.se\/sv\/internationella-musiktavlingar-mots\/#breadcrumb\"},\"inLanguage\":\"sv-SE\",\"potentialAction\":[{\"@type\":\"ReadAction\",\"target\":[\"https:\/\/www.stenhammarcompetition.se\/sv\/internationella-musiktavlingar-mots\/\"]}]},{\"@type\":\"BreadcrumbList\",\"@id\":\"https:\/\/www.stenhammarcompetition.se\/sv\/internationella-musiktavlingar-mots\/#breadcrumb\",\"itemListElement\":[{\"@type\":\"ListItem\",\"position\":1,\"name\":\"WSIMC\",\"item\":\"https:\/\/www.stenhammarcompetition.se\/sv\/\"},{\"@type\":\"ListItem\",\"position\":2,\"name\":\"Internationella musikt\u00e4vlingar m\u00f6ts\"}]},{\"@type\":\"WebSite\",\"@id\":\"https:\/\/www.stenhammarcompetition.se\/sv\/#website\",\"url\":\"https:\/\/www.stenhammarcompetition.se\/sv\/\",\"name\":\"WSIMC\",\"description\":\"Wilhelm Stenhammar International Music Competition\",\"potentialAction\":[{\"@type\":\"SearchAction\",\"target\":{\"@type\":\"EntryPoint\",\"urlTemplate\":\"https:\/\/www.stenhammarcompetition.se\/sv\/?s={search_term_string}\"},\"query-input\":\"required name=search_term_string\"}],\"inLanguage\":\"sv-SE\"},{\"@type\":\"Person\",\"@id\":\"https:\/\/www.stenhammarcompetition.se\/sv\/#\/schema\/person\/a15ebc9145bfb28be9461ff01805b091\",\"name\":\"hamren\",\"image\":{\"@type\":\"ImageObject\",\"inLanguage\":\"sv-SE\",\"@id\":\"https:\/\/www.stenhammarcompetition.se\/sv\/#\/schema\/person\/image\/\",\"url\":\"https:\/\/secure.gravatar.com\/avatar\/fd0e55355feafd71213460eaf424ae46?s=96&d=mm&r=g\",\"contentUrl\":\"https:\/\/secure.gravatar.com\/avatar\/fd0e55355feafd71213460eaf424ae46?s=96&d=mm&r=g\",\"caption\":\"hamren\"},\"url\":\"https:\/\/www.stenhammarcompetition.se\/sv\/author\/hamren\/\"}]}<\/script>\n<!-- \/ Yoast SEO plugin. -->","yoast_head_json":{"title":"Internationella musikt\u00e4vlingar m\u00f6ts - WSIMC","robots":{"index":"index","follow":"follow","max-snippet":"max-snippet:-1","max-image-preview":"max-image-preview:large","max-video-preview":"max-video-preview:-1"},"canonical":"https:\/\/www.stenhammarcompetition.se\/sv\/internationella-musiktavlingar-mots\/","og_locale":"sv_SE","og_type":"article","og_title":"Internationella musikt\u00e4vlingar m\u00f6ts - WSIMC","og_description":"\u201dMycket musik ska det bli, bland annat konserter med nystartade Pratt\u00e9festivalen, men fr\u00e4mst mycket diskussioner. V\u00e4rdinnan Sonja Stenhammar hoppas p\u00e5 utvecklande samtal f\u00f6r alla, ett givande och ett tagande.\u201d Kolla h\u00e4r f\u00f6r mer information! Foto: Ann-Charlotte Sandelin","og_url":"https:\/\/www.stenhammarcompetition.se\/sv\/internationella-musiktavlingar-mots\/","og_site_name":"WSIMC","article_published_time":"2019-05-10T13:01:20+00:00","article_modified_time":"2019-10-16T11:03:42+00:00","og_image":[{"width":722,"height":305,"url":"https:\/\/www.stenhammarcompetition.se\/wp-content\/uploads\/2019\/10\/DSCF9466-768xddd512.jpg","type":"image\/jpeg"}],"author":"hamren","twitter_card":"summary_large_image","twitter_misc":{"Skriven av":"hamren"},"schema":{"@context":"https:\/\/schema.org","@graph":[{"@type":"WebPage","@id":"https:\/\/www.stenhammarcompetition.se\/sv\/internationella-musiktavlingar-mots\/","url":"https:\/\/www.stenhammarcompetition.se\/sv\/internationella-musiktavlingar-mots\/","name":"Internationella musikt\u00e4vlingar m\u00f6ts - WSIMC","isPartOf":{"@id":"https:\/\/www.stenhammarcompetition.se\/sv\/#website"},"datePublished":"2019-05-10T13:01:20+00:00","dateModified":"2019-10-16T11:03:42+00:00","author":{"@id":"https:\/\/www.stenhammarcompetition.se\/sv\/#\/schema\/person\/a15ebc9145bfb28be9461ff01805b091"},"breadcrumb":{"@id":"https:\/\/www.stenhammarcompetition.se\/sv\/internationella-musiktavlingar-mots\/#breadcrumb"},"inLanguage":"sv-SE","potentialAction":[{"@type":"ReadAction","target":["https:\/\/www.stenhammarcompetition.se\/sv\/internationella-musiktavlingar-mots\/"]}]},{"@type":"BreadcrumbList","@id":"https:\/\/www.stenhammarcompetition.se\/sv\/internationella-musiktavlingar-mots\/#breadcrumb","itemListElement":[{"@type":"ListItem","position":1,"name":"WSIMC","item":"https:\/\/www.stenhammarcompetition.se\/sv\/"},{"@type":"ListItem","position":2,"name":"Internationella musikt\u00e4vlingar m\u00f6ts"}]},{"@type":"WebSite","@id":"https:\/\/www.stenhammarcompetition.se\/sv\/#website","url":"https:\/\/www.stenhammarcompetition.se\/sv\/","name":"WSIMC","description":"Wilhelm Stenhammar International Music Competition","potentialAction":[{"@type":"SearchAction","target":{"@type":"EntryPoint","urlTemplate":"https:\/\/www.stenhammarcompetition.se\/sv\/?s={search_term_string}"},"query-input":"required name=search_term_string"}],"inLanguage":"sv-SE"},{"@type":"Person","@id":"https:\/\/www.stenhammarcompetition.se\/sv\/#\/schema\/person\/a15ebc9145bfb28be9461ff01805b091","name":"hamren","image":{"@type":"ImageObject","inLanguage":"sv-SE","@id":"https:\/\/www.stenhammarcompetition.se\/sv\/#\/schema\/person\/image\/","url":"https:\/\/secure.gravatar.com\/avatar\/fd0e55355feafd71213460eaf424ae46?s=96&d=mm&r=g","contentUrl":"https:\/\/secure.gravatar.com\/avatar\/fd0e55355feafd71213460eaf424ae46?s=96&d=mm&r=g","caption":"hamren"},"url":"https:\/\/www.stenhammarcompetition.se\/sv\/author\/hamren\/"}]}},"_links":{"self":[{"href":"https:\/\/www.stenhammarcompetition.se\/sv\/wp-json\/wp\/v2\/posts\/819"}],"collection":[{"href":"https:\/\/www.stenhammarcompetition.se\/sv\/wp-json\/wp\/v2\/posts"}],"about":[{"href":"https:\/\/www.stenhammarcompetition.se\/sv\/wp-json\/wp\/v2\/types\/post"}],"author":[{"embeddable":true,"href":"https:\/\/www.stenhammarcompetition.se\/sv\/wp-json\/wp\/v2\/users\/1"}],"replies":[{"embeddable":true,"href":"https:\/\/www.stenhammarcompetition.se\/sv\/wp-json\/wp\/v2\/comments?post=819"}],"version-history":[{"count":1,"href":"https:\/\/www.stenhammarcompetition.se\/sv\/wp-json\/wp\/v2\/posts\/819\/revisions"}],"predecessor-version":[{"id":822,"href":"https:\/\/www.stenhammarcompetition.se\/sv\/wp-json\/wp\/v2\/posts\/819\/revisions\/822"}],"wp:featuredmedia":[{"embeddable":true,"href":"https:\/\/www.stenhammarcompetition.se\/sv\/wp-json\/wp\/v2\/media\/820"}],"wp:attachment":[{"href":"https:\/\/www.stenhammarcompetition.se\/sv\/wp-json\/wp\/v2\/media?parent=819"}],"wp:term":[{"taxonomy":"category","embeddable":true,"href":"https:\/\/www.stenhammarcompetition.se\/sv\/wp-json\/wp\/v2\/categories?post=819"},{"taxonomy":"post_tag","embeddable":true,"href":"https:\/\/www.stenhammarcompetition.se\/sv\/wp-json\/wp\/v2\/tags?post=819"}],"curies":[{"name":"wp","href":"https:\/\/api.w.org\/{rel}","templated":true}]}}