{"id":7538,"date":"2022-05-20T10:50:03","date_gmt":"2022-05-20T08:50:03","guid":{"rendered":"https:\/\/www.stenhammarcompetition.se\/?p=7538"},"modified":"2022-05-20T10:50:03","modified_gmt":"2022-05-20T08:50:03","slug":"antligen-dags-for-stenhammartavling","status":"publish","type":"post","link":"https:\/\/www.stenhammarcompetition.se\/sv\/antligen-dags-for-stenhammartavling\/","title":{"rendered":"\u00c4ntligen dags f\u00f6r Stenhammart\u00e4vling!"},"content":{"rendered":"<p><strong>PRESSMEDDELANDE<\/strong><\/p>\n<p>&nbsp;<\/p>\n<p>N\u00e4r ans\u00f6kningstiden gick ut 15 februari hade 120 s\u00e5ngare fr\u00e5n ett trettiotal l\u00e4nder anm\u00e4lt sig till \u00e5rets Stenhammart\u00e4vling, som \u00e4ger rum i De Geerhallen, Norrk\u00f6ping 9 &#8211; 17 juni 2022!<\/p>\n<p>&#8211; Vi kan bara ta emot 70 s\u00e5ngare till f\u00f6rsta ronden, och det betyder att vi d\u00e4rf\u00f6r tvingats g\u00f6ra ett urval. Vi har lyssnat p\u00e5 120 ins\u00e4nda s\u00e5ngprov, ber\u00e4ttar\u00a0<strong>Sonja Stenhammar<\/strong>, t\u00e4vlingens grundare och konstn\u00e4rliga ledare. Till sin hj\u00e4lp med bed\u00f6mningen har jag haft\u00a0<strong>Karin Veres<\/strong>, tidigare chef f\u00f6r Norrk\u00f6pings Symfoniorkester och Karin kommer ocks\u00e5 att vara\u00a0ordf\u00f6rande i den internationella juryn. Karin \u00e4r numera bitr\u00e4dande konstn\u00e4rlig ledare f\u00f6r t\u00e4vlingen.<\/p>\n<p><strong>Sonja<\/strong>\u00a0ber\u00e4ttar vidare &#8211; att t\u00e4vlingens goda renomm\u00e9 nu sprider sig snabbt \u00f6ver v\u00e4rlden. L\u00e4nder som \u00e4r representerade \u00e4r alla v\u00e5ra nordiska grannl\u00e4nder, samt Israel, Kanada, Japan, Kina, USA, Tyskland, Storbritannien, Schweiz m.fl. Liksom tidigare \u00e5r, kommer ett stort antal s\u00e5ngare fr\u00e5n Sydkorea. Extra roligt \u00e4r att det \u00e4r m\u00e5nga svenskar \u2013 15 s\u00e5ngare med olika r\u00f6stl\u00e4gen.<\/p>\n<p>&nbsp;<\/p>\n<p>&#8211; Gl\u00e4djande nyhet med \u00e5rets t\u00e4vling \u00e4r, att t\u00e4vlingsdagarna, och eventuellt \u00e4ven finalkonserten, f\u00f6r f\u00f6rsta g\u00e5ngen kommer att \u201dstreamas\u201d p\u00e5 v\u00e5r hemsida \u2013 vilket betyder att f\u00f6r\u00e4ldrar, l\u00e4rare och v\u00e4nner runt om i v\u00e4rlden nu kan lyssna p\u00e5 \u201dsina\u201d s\u00e5ngare. Det \u00e4r ett stort steg in i framtiden f\u00f6r t\u00e4vlingen!<\/p>\n<p>Det var ocks\u00e5 helt klart att SR P2 skulle spela in och s\u00e4nda hela finalkonserten, men tyv\u00e4rr \u00e4r f\u00f6rhandlingarna mellan Svensk Scenkonst och SYMF\/Musikerf\u00f6rbundet ang\u00e5ende reglering av playtj\u00e4nster inte klara. Tyv\u00e4rr medf\u00f6r det, att SR inte kan\u00a0 genomf\u00f6ra inspelningen.<\/p>\n<p>Detta \u00e4r givetvis en mycket stor besvikelse f\u00f6r oss, men vi hoppas \u00e4nd\u00e5\u00a0att vi kommer att synas i SVT p\u00e5 n\u00e5got s\u00e4tt, f\u00f6rhoppningsvis i n\u00e5got av kulturprogrammen &#8211;\u00a0 avslutar\u00a0<strong>Sonja Stenhammar<\/strong>.<\/p>\n<p>&nbsp;<\/p>\n","protected":false},"excerpt":{"rendered":"<p>PRESSMEDDELANDE &nbsp; N\u00e4r ans\u00f6kningstiden gick ut 15 februari hade 120 s\u00e5ngare fr\u00e5n ett trettiotal l\u00e4nder anm\u00e4lt sig till \u00e5rets Stenhammart\u00e4vling, som \u00e4ger rum i De Geerhallen, Norrk\u00f6ping 9 &#8211; 17 juni 2022! &#8211; Vi kan bara ta emot 70 s\u00e5ngare till f\u00f6rsta ronden, och det betyder att vi d\u00e4rf\u00f6r tvingats g\u00f6ra ett urval. Vi har [&hellip;]<\/p>\n","protected":false},"author":75,"featured_media":0,"comment_status":"open","ping_status":"open","sticky":false,"template":"","format":"standard","meta":[],"categories":[16],"tags":[],"acf":[],"yoast_head":"<!-- This site is optimized with the Yoast SEO plugin v20.9 - https:\/\/yoast.com\/wordpress\/plugins\/seo\/ -->\n<title>\u00c4ntligen dags f\u00f6r Stenhammart\u00e4vling! - WSIMC<\/title>\n<meta name=\"robots\" content=\"index, follow, max-snippet:-1, max-image-preview:large, max-video-preview:-1\" \/>\n<link rel=\"canonical\" href=\"https:\/\/www.stenhammarcompetition.se\/sv\/antligen-dags-for-stenhammartavling\/\" \/>\n<meta property=\"og:locale\" content=\"sv_SE\" \/>\n<meta property=\"og:type\" content=\"article\" \/>\n<meta property=\"og:title\" content=\"\u00c4ntligen dags f\u00f6r Stenhammart\u00e4vling! - WSIMC\" \/>\n<meta property=\"og:description\" content=\"PRESSMEDDELANDE &nbsp; N\u00e4r ans\u00f6kningstiden gick ut 15 februari hade 120 s\u00e5ngare fr\u00e5n ett trettiotal l\u00e4nder anm\u00e4lt sig till \u00e5rets Stenhammart\u00e4vling, som \u00e4ger rum i De Geerhallen, Norrk\u00f6ping 9 &#8211; 17 juni 2022! &#8211; Vi kan bara ta emot 70 s\u00e5ngare till f\u00f6rsta ronden, och det betyder att vi d\u00e4rf\u00f6r tvingats g\u00f6ra ett urval. Vi har [&hellip;]\" \/>\n<meta property=\"og:url\" content=\"https:\/\/www.stenhammarcompetition.se\/sv\/antligen-dags-for-stenhammartavling\/\" \/>\n<meta property=\"og:site_name\" content=\"WSIMC\" \/>\n<meta property=\"article:published_time\" content=\"2022-05-20T08:50:03+00:00\" \/>\n<meta name=\"author\" content=\"stenhammar\" \/>\n<meta name=\"twitter:card\" content=\"summary_large_image\" \/>\n<meta name=\"twitter:label1\" content=\"Skriven av\" \/>\n\t<meta name=\"twitter:data1\" content=\"stenhammar\" \/>\n\t<meta name=\"twitter:label2\" content=\"Ber\u00e4knad l\u00e4stid\" \/>\n\t<meta name=\"twitter:data2\" content=\"2 minuter\" \/>\n<script type=\"application\/ld+json\" class=\"yoast-schema-graph\">{\"@context\":\"https:\/\/schema.org\",\"@graph\":[{\"@type\":\"WebPage\",\"@id\":\"https:\/\/www.stenhammarcompetition.se\/sv\/antligen-dags-for-stenhammartavling\/\",\"url\":\"https:\/\/www.stenhammarcompetition.se\/sv\/antligen-dags-for-stenhammartavling\/\",\"name\":\"\u00c4ntligen dags f\u00f6r Stenhammart\u00e4vling! - WSIMC\",\"isPartOf\":{\"@id\":\"https:\/\/www.stenhammarcompetition.se\/sv\/#website\"},\"datePublished\":\"2022-05-20T08:50:03+00:00\",\"dateModified\":\"2022-05-20T08:50:03+00:00\",\"author\":{\"@id\":\"https:\/\/www.stenhammarcompetition.se\/sv\/#\/schema\/person\/f41403fe3f5d531f3b04a4993018adc9\"},\"breadcrumb\":{\"@id\":\"https:\/\/www.stenhammarcompetition.se\/sv\/antligen-dags-for-stenhammartavling\/#breadcrumb\"},\"inLanguage\":\"sv-SE\",\"potentialAction\":[{\"@type\":\"ReadAction\",\"target\":[\"https:\/\/www.stenhammarcompetition.se\/sv\/antligen-dags-for-stenhammartavling\/\"]}]},{\"@type\":\"BreadcrumbList\",\"@id\":\"https:\/\/www.stenhammarcompetition.se\/sv\/antligen-dags-for-stenhammartavling\/#breadcrumb\",\"itemListElement\":[{\"@type\":\"ListItem\",\"position\":1,\"name\":\"WSIMC\",\"item\":\"https:\/\/www.stenhammarcompetition.se\/sv\/\"},{\"@type\":\"ListItem\",\"position\":2,\"name\":\"\u00c4ntligen dags f\u00f6r Stenhammart\u00e4vling!\"}]},{\"@type\":\"WebSite\",\"@id\":\"https:\/\/www.stenhammarcompetition.se\/sv\/#website\",\"url\":\"https:\/\/www.stenhammarcompetition.se\/sv\/\",\"name\":\"WSIMC\",\"description\":\"Wilhelm Stenhammar International Music Competition\",\"potentialAction\":[{\"@type\":\"SearchAction\",\"target\":{\"@type\":\"EntryPoint\",\"urlTemplate\":\"https:\/\/www.stenhammarcompetition.se\/sv\/?s={search_term_string}\"},\"query-input\":\"required name=search_term_string\"}],\"inLanguage\":\"sv-SE\"},{\"@type\":\"Person\",\"@id\":\"https:\/\/www.stenhammarcompetition.se\/sv\/#\/schema\/person\/f41403fe3f5d531f3b04a4993018adc9\",\"name\":\"stenhammar\",\"image\":{\"@type\":\"ImageObject\",\"inLanguage\":\"sv-SE\",\"@id\":\"https:\/\/www.stenhammarcompetition.se\/sv\/#\/schema\/person\/image\/\",\"url\":\"https:\/\/secure.gravatar.com\/avatar\/7dc60c48582b99dc8135ce67eeed95fb?s=96&d=mm&r=g\",\"contentUrl\":\"https:\/\/secure.gravatar.com\/avatar\/7dc60c48582b99dc8135ce67eeed95fb?s=96&d=mm&r=g\",\"caption\":\"stenhammar\"},\"url\":\"https:\/\/www.stenhammarcompetition.se\/sv\/author\/stenhammar\/\"}]}<\/script>\n<!-- \/ Yoast SEO plugin. -->","yoast_head_json":{"title":"\u00c4ntligen dags f\u00f6r Stenhammart\u00e4vling! - WSIMC","robots":{"index":"index","follow":"follow","max-snippet":"max-snippet:-1","max-image-preview":"max-image-preview:large","max-video-preview":"max-video-preview:-1"},"canonical":"https:\/\/www.stenhammarcompetition.se\/sv\/antligen-dags-for-stenhammartavling\/","og_locale":"sv_SE","og_type":"article","og_title":"\u00c4ntligen dags f\u00f6r Stenhammart\u00e4vling! - WSIMC","og_description":"PRESSMEDDELANDE &nbsp; N\u00e4r ans\u00f6kningstiden gick ut 15 februari hade 120 s\u00e5ngare fr\u00e5n ett trettiotal l\u00e4nder anm\u00e4lt sig till \u00e5rets Stenhammart\u00e4vling, som \u00e4ger rum i De Geerhallen, Norrk\u00f6ping 9 &#8211; 17 juni 2022! &#8211; Vi kan bara ta emot 70 s\u00e5ngare till f\u00f6rsta ronden, och det betyder att vi d\u00e4rf\u00f6r tvingats g\u00f6ra ett urval. Vi har [&hellip;]","og_url":"https:\/\/www.stenhammarcompetition.se\/sv\/antligen-dags-for-stenhammartavling\/","og_site_name":"WSIMC","article_published_time":"2022-05-20T08:50:03+00:00","author":"stenhammar","twitter_card":"summary_large_image","twitter_misc":{"Skriven av":"stenhammar","Ber\u00e4knad l\u00e4stid":"2 minuter"},"schema":{"@context":"https:\/\/schema.org","@graph":[{"@type":"WebPage","@id":"https:\/\/www.stenhammarcompetition.se\/sv\/antligen-dags-for-stenhammartavling\/","url":"https:\/\/www.stenhammarcompetition.se\/sv\/antligen-dags-for-stenhammartavling\/","name":"\u00c4ntligen dags f\u00f6r Stenhammart\u00e4vling! - WSIMC","isPartOf":{"@id":"https:\/\/www.stenhammarcompetition.se\/sv\/#website"},"datePublished":"2022-05-20T08:50:03+00:00","dateModified":"2022-05-20T08:50:03+00:00","author":{"@id":"https:\/\/www.stenhammarcompetition.se\/sv\/#\/schema\/person\/f41403fe3f5d531f3b04a4993018adc9"},"breadcrumb":{"@id":"https:\/\/www.stenhammarcompetition.se\/sv\/antligen-dags-for-stenhammartavling\/#breadcrumb"},"inLanguage":"sv-SE","potentialAction":[{"@type":"ReadAction","target":["https:\/\/www.stenhammarcompetition.se\/sv\/antligen-dags-for-stenhammartavling\/"]}]},{"@type":"BreadcrumbList","@id":"https:\/\/www.stenhammarcompetition.se\/sv\/antligen-dags-for-stenhammartavling\/#breadcrumb","itemListElement":[{"@type":"ListItem","position":1,"name":"WSIMC","item":"https:\/\/www.stenhammarcompetition.se\/sv\/"},{"@type":"ListItem","position":2,"name":"\u00c4ntligen dags f\u00f6r Stenhammart\u00e4vling!"}]},{"@type":"WebSite","@id":"https:\/\/www.stenhammarcompetition.se\/sv\/#website","url":"https:\/\/www.stenhammarcompetition.se\/sv\/","name":"WSIMC","description":"Wilhelm Stenhammar International Music Competition","potentialAction":[{"@type":"SearchAction","target":{"@type":"EntryPoint","urlTemplate":"https:\/\/www.stenhammarcompetition.se\/sv\/?s={search_term_string}"},"query-input":"required name=search_term_string"}],"inLanguage":"sv-SE"},{"@type":"Person","@id":"https:\/\/www.stenhammarcompetition.se\/sv\/#\/schema\/person\/f41403fe3f5d531f3b04a4993018adc9","name":"stenhammar","image":{"@type":"ImageObject","inLanguage":"sv-SE","@id":"https:\/\/www.stenhammarcompetition.se\/sv\/#\/schema\/person\/image\/","url":"https:\/\/secure.gravatar.com\/avatar\/7dc60c48582b99dc8135ce67eeed95fb?s=96&d=mm&r=g","contentUrl":"https:\/\/secure.gravatar.com\/avatar\/7dc60c48582b99dc8135ce67eeed95fb?s=96&d=mm&r=g","caption":"stenhammar"},"url":"https:\/\/www.stenhammarcompetition.se\/sv\/author\/stenhammar\/"}]}},"_links":{"self":[{"href":"https:\/\/www.stenhammarcompetition.se\/sv\/wp-json\/wp\/v2\/posts\/7538"}],"collection":[{"href":"https:\/\/www.stenhammarcompetition.se\/sv\/wp-json\/wp\/v2\/posts"}],"about":[{"href":"https:\/\/www.stenhammarcompetition.se\/sv\/wp-json\/wp\/v2\/types\/post"}],"author":[{"embeddable":true,"href":"https:\/\/www.stenhammarcompetition.se\/sv\/wp-json\/wp\/v2\/users\/75"}],"replies":[{"embeddable":true,"href":"https:\/\/www.stenhammarcompetition.se\/sv\/wp-json\/wp\/v2\/comments?post=7538"}],"version-history":[{"count":2,"href":"https:\/\/www.stenhammarcompetition.se\/sv\/wp-json\/wp\/v2\/posts\/7538\/revisions"}],"predecessor-version":[{"id":7542,"href":"https:\/\/www.stenhammarcompetition.se\/sv\/wp-json\/wp\/v2\/posts\/7538\/revisions\/7542"}],"wp:attachment":[{"href":"https:\/\/www.stenhammarcompetition.se\/sv\/wp-json\/wp\/v2\/media?parent=7538"}],"wp:term":[{"taxonomy":"category","embeddable":true,"href":"https:\/\/www.stenhammarcompetition.se\/sv\/wp-json\/wp\/v2\/categories?post=7538"},{"taxonomy":"post_tag","embeddable":true,"href":"https:\/\/www.stenhammarcompetition.se\/sv\/wp-json\/wp\/v2\/tags?post=7538"}],"curies":[{"name":"wp","href":"https:\/\/api.w.org\/{rel}","templated":true}]}}