{"id":5119,"date":"2020-02-27T13:49:01","date_gmt":"2020-02-27T12:49:01","guid":{"rendered":"https:\/\/www.stenhammarcompetition.se\/?p=5119"},"modified":"2020-02-27T14:01:55","modified_gmt":"2020-02-27T13:01:55","slug":"stenhammartavlingen-sands-for-forsta-gangen-i-sveriges-radio-p2","status":"publish","type":"post","link":"https:\/\/www.stenhammarcompetition.se\/sv\/stenhammartavlingen-sands-for-forsta-gangen-i-sveriges-radio-p2\/","title":{"rendered":"Stenhammart\u00e4vlingens finalkonsert s\u00e4nds f\u00f6r f\u00f6rsta g\u00e5ngen i Sveriges Radio P2"},"content":{"rendered":"<p><strong>Stora framg\u00e5ngar f\u00f6r Stenhammart\u00e4vlingen \u2013 f\u00f6r f\u00f6rsta g\u00e5ngen direkts\u00e4nds finalkonserten i Sveriges Radio P2!<\/strong><\/p>\n<p>N\u00e4r ans\u00f6kningstiden gick ut 15 februari hade 120 s\u00e5ngare fr\u00e5n ett trettiotal l\u00e4nder, anm\u00e4lt sig till \u00e5rets Stenhammart\u00e4vling, som \u00e4ger rum i De Geerhallen, Norrk\u00f6ping 2-10 juni 2020!<\/p>\n<p>&#8211; Vi kan bara ta emot max.70 s\u00e5ngare till f\u00f6rsta ronden och det betyder att vi tyv\u00e4rr tvingas gallra bort 50 av de 120 s\u00e5ngarna. Just nu ljuder mitt kontor av fantastiska r\u00f6ster fr\u00e5n v\u00e4rldens alla h\u00f6rn, n\u00e4r jag lyssnar p\u00e5 alla ins\u00e4nda r\u00f6stprov\u00a0 ber\u00e4ttar <strong>Sonja Stenhammar<\/strong> som \u00e4r t\u00e4vlingens grundare och konstn\u00e4rliga ledare. Till sin hj\u00e4lp med avlyssningen har hon <strong>Karin Veres<\/strong>, tidigare VD och konstn\u00e4rlig ledare f\u00f6r Norrk\u00f6pings Symfoniorkester. Karin blir ocks\u00e5 en av de sju medlemmarna i t\u00e4vlingsjuryn.<\/p>\n<p><strong>Sonja<\/strong> ber\u00e4ttar vidare &#8211; att t\u00e4vlingens goda renomm\u00e9 nu sprider sig snabbt \u00f6ver v\u00e4rlden, och f\u00f6r f\u00f6rsta g\u00e5ngen har fyra s\u00e5ngare fr\u00e5n Sydafrika anm\u00e4lt sig. Andra l\u00e4nder som \u00e4r representerade \u00e4r: Israel, Vitryssland, Kanada, Japan, Colombia, Kina, USA, \u00d6sterrike, Frankrike m.fl. Liksom tidigare \u00e5r, kommer ett stort antal s\u00e5ngare fr\u00e5n Sydkorea. Extra roligt \u00e4r att det \u00e4r m\u00e5nga svenskar \u2013 hela 35 stycken med olika r\u00f6stl\u00e4gen.<\/p>\n<p>-Tv\u00e5 stora och gl\u00e4djande nyheter med \u00e5rets t\u00e4vling \u00e4r, att finalkonserten f\u00f6r f\u00f6rsta g\u00e5ngen, kommer att direkts\u00e4ndas i Sveriges Radio P2 och vi hoppas att vi \u00e4ven f\u00e5r med SVT i n\u00e5gon form. Dessutom kommer alla t\u00e4vlingsdagarna att \u201dstreamas\u201d p\u00e5 v\u00e5r hemsida \u2013 vilket betyder att f\u00f6r\u00e4ldrar, l\u00e4rare och v\u00e4nner nu kan lyssna p\u00e5 \u201dsina\u201d s\u00e5ngare runt om i v\u00e4rlden. Det \u00e4r ett stort steg in i framtiden f\u00f6r t\u00e4vlingen, avslutar <strong>Sonja<\/strong>.<\/p>\n<p>&#8211; att Sveriges Radio, och f\u00f6rhoppningsvis \u00e4ven SVT, intresserar sig f\u00f6r v\u00e5r finalkonsert, \u00e4r ett kvitto p\u00e5 den betydelse och de framg\u00e5ngar som t\u00e4vlingen nu f\u00e5tt, s\u00e4ger Claes Egnell, ordf\u00f6rande i Stenhammarstiftelsen.<\/p>\n<p>&nbsp;<\/p>\n","protected":false},"excerpt":{"rendered":"<p>Stora framg\u00e5ngar f\u00f6r Stenhammart\u00e4vlingen \u2013 f\u00f6r f\u00f6rsta g\u00e5ngen direkts\u00e4nds finalkonserten i Sveriges Radio P2! N\u00e4r ans\u00f6kningstiden gick ut 15 februari hade 120 s\u00e5ngare fr\u00e5n ett trettiotal l\u00e4nder, anm\u00e4lt sig till \u00e5rets Stenhammart\u00e4vling, som \u00e4ger rum i De Geerhallen, Norrk\u00f6ping 2-10 juni 2020! &#8211; Vi kan bara ta emot max.70 s\u00e5ngare till f\u00f6rsta ronden och det [&hellip;]<\/p>\n","protected":false},"author":75,"featured_media":888,"comment_status":"open","ping_status":"open","sticky":false,"template":"","format":"standard","meta":[],"categories":[27],"tags":[],"acf":[],"yoast_head":"<!-- This site is optimized with the Yoast SEO plugin v20.9 - https:\/\/yoast.com\/wordpress\/plugins\/seo\/ -->\n<title>Stenhammart\u00e4vlingens finalkonsert s\u00e4nds f\u00f6r f\u00f6rsta g\u00e5ngen i Sveriges Radio P2 - WSIMC<\/title>\n<meta name=\"robots\" content=\"index, follow, max-snippet:-1, max-image-preview:large, max-video-preview:-1\" \/>\n<link rel=\"canonical\" href=\"https:\/\/www.stenhammarcompetition.se\/sv\/stenhammartavlingen-sands-for-forsta-gangen-i-sveriges-radio-p2\/\" \/>\n<meta property=\"og:locale\" content=\"sv_SE\" \/>\n<meta property=\"og:type\" content=\"article\" \/>\n<meta property=\"og:title\" content=\"Stenhammart\u00e4vlingens finalkonsert s\u00e4nds f\u00f6r f\u00f6rsta g\u00e5ngen i Sveriges Radio P2 - WSIMC\" \/>\n<meta property=\"og:description\" content=\"Stora framg\u00e5ngar f\u00f6r Stenhammart\u00e4vlingen \u2013 f\u00f6r f\u00f6rsta g\u00e5ngen direkts\u00e4nds finalkonserten i Sveriges Radio P2! N\u00e4r ans\u00f6kningstiden gick ut 15 februari hade 120 s\u00e5ngare fr\u00e5n ett trettiotal l\u00e4nder, anm\u00e4lt sig till \u00e5rets Stenhammart\u00e4vling, som \u00e4ger rum i De Geerhallen, Norrk\u00f6ping 2-10 juni 2020! &#8211; Vi kan bara ta emot max.70 s\u00e5ngare till f\u00f6rsta ronden och det [&hellip;]\" \/>\n<meta property=\"og:url\" content=\"https:\/\/www.stenhammarcompetition.se\/sv\/stenhammartavlingen-sands-for-forsta-gangen-i-sveriges-radio-p2\/\" \/>\n<meta property=\"og:site_name\" content=\"WSIMC\" \/>\n<meta property=\"article:published_time\" content=\"2020-02-27T12:49:01+00:00\" \/>\n<meta property=\"article:modified_time\" content=\"2020-02-27T13:01:55+00:00\" \/>\n<meta property=\"og:image\" content=\"https:\/\/www.stenhammarcompetition.se\/wp-content\/uploads\/2019\/09\/Mobilbild-Sonja-o-Finalister.jpg\" \/>\n\t<meta property=\"og:image:width\" content=\"3264\" \/>\n\t<meta property=\"og:image:height\" content=\"2448\" \/>\n\t<meta property=\"og:image:type\" content=\"image\/jpeg\" \/>\n<meta name=\"author\" content=\"stenhammar\" \/>\n<meta name=\"twitter:card\" content=\"summary_large_image\" \/>\n<meta name=\"twitter:label1\" content=\"Skriven av\" \/>\n\t<meta name=\"twitter:data1\" content=\"stenhammar\" \/>\n\t<meta name=\"twitter:label2\" content=\"Ber\u00e4knad l\u00e4stid\" \/>\n\t<meta name=\"twitter:data2\" content=\"2 minuter\" \/>\n<script type=\"application\/ld+json\" class=\"yoast-schema-graph\">{\"@context\":\"https:\/\/schema.org\",\"@graph\":[{\"@type\":\"WebPage\",\"@id\":\"https:\/\/www.stenhammarcompetition.se\/sv\/stenhammartavlingen-sands-for-forsta-gangen-i-sveriges-radio-p2\/\",\"url\":\"https:\/\/www.stenhammarcompetition.se\/sv\/stenhammartavlingen-sands-for-forsta-gangen-i-sveriges-radio-p2\/\",\"name\":\"Stenhammart\u00e4vlingens finalkonsert s\u00e4nds f\u00f6r f\u00f6rsta g\u00e5ngen i Sveriges Radio P2 - WSIMC\",\"isPartOf\":{\"@id\":\"https:\/\/www.stenhammarcompetition.se\/sv\/#website\"},\"datePublished\":\"2020-02-27T12:49:01+00:00\",\"dateModified\":\"2020-02-27T13:01:55+00:00\",\"author\":{\"@id\":\"https:\/\/www.stenhammarcompetition.se\/sv\/#\/schema\/person\/f41403fe3f5d531f3b04a4993018adc9\"},\"breadcrumb\":{\"@id\":\"https:\/\/www.stenhammarcompetition.se\/sv\/stenhammartavlingen-sands-for-forsta-gangen-i-sveriges-radio-p2\/#breadcrumb\"},\"inLanguage\":\"sv-SE\",\"potentialAction\":[{\"@type\":\"ReadAction\",\"target\":[\"https:\/\/www.stenhammarcompetition.se\/sv\/stenhammartavlingen-sands-for-forsta-gangen-i-sveriges-radio-p2\/\"]}]},{\"@type\":\"BreadcrumbList\",\"@id\":\"https:\/\/www.stenhammarcompetition.se\/sv\/stenhammartavlingen-sands-for-forsta-gangen-i-sveriges-radio-p2\/#breadcrumb\",\"itemListElement\":[{\"@type\":\"ListItem\",\"position\":1,\"name\":\"WSIMC\",\"item\":\"https:\/\/www.stenhammarcompetition.se\/sv\/\"},{\"@type\":\"ListItem\",\"position\":2,\"name\":\"Stenhammart\u00e4vlingens finalkonsert s\u00e4nds f\u00f6r f\u00f6rsta g\u00e5ngen i Sveriges Radio P2\"}]},{\"@type\":\"WebSite\",\"@id\":\"https:\/\/www.stenhammarcompetition.se\/sv\/#website\",\"url\":\"https:\/\/www.stenhammarcompetition.se\/sv\/\",\"name\":\"WSIMC\",\"description\":\"Wilhelm Stenhammar International Music Competition\",\"potentialAction\":[{\"@type\":\"SearchAction\",\"target\":{\"@type\":\"EntryPoint\",\"urlTemplate\":\"https:\/\/www.stenhammarcompetition.se\/sv\/?s={search_term_string}\"},\"query-input\":\"required name=search_term_string\"}],\"inLanguage\":\"sv-SE\"},{\"@type\":\"Person\",\"@id\":\"https:\/\/www.stenhammarcompetition.se\/sv\/#\/schema\/person\/f41403fe3f5d531f3b04a4993018adc9\",\"name\":\"stenhammar\",\"image\":{\"@type\":\"ImageObject\",\"inLanguage\":\"sv-SE\",\"@id\":\"https:\/\/www.stenhammarcompetition.se\/sv\/#\/schema\/person\/image\/\",\"url\":\"https:\/\/secure.gravatar.com\/avatar\/7dc60c48582b99dc8135ce67eeed95fb?s=96&d=mm&r=g\",\"contentUrl\":\"https:\/\/secure.gravatar.com\/avatar\/7dc60c48582b99dc8135ce67eeed95fb?s=96&d=mm&r=g\",\"caption\":\"stenhammar\"},\"url\":\"https:\/\/www.stenhammarcompetition.se\/sv\/author\/stenhammar\/\"}]}<\/script>\n<!-- \/ Yoast SEO plugin. -->","yoast_head_json":{"title":"Stenhammart\u00e4vlingens finalkonsert s\u00e4nds f\u00f6r f\u00f6rsta g\u00e5ngen i Sveriges Radio P2 - WSIMC","robots":{"index":"index","follow":"follow","max-snippet":"max-snippet:-1","max-image-preview":"max-image-preview:large","max-video-preview":"max-video-preview:-1"},"canonical":"https:\/\/www.stenhammarcompetition.se\/sv\/stenhammartavlingen-sands-for-forsta-gangen-i-sveriges-radio-p2\/","og_locale":"sv_SE","og_type":"article","og_title":"Stenhammart\u00e4vlingens finalkonsert s\u00e4nds f\u00f6r f\u00f6rsta g\u00e5ngen i Sveriges Radio P2 - WSIMC","og_description":"Stora framg\u00e5ngar f\u00f6r Stenhammart\u00e4vlingen \u2013 f\u00f6r f\u00f6rsta g\u00e5ngen direkts\u00e4nds finalkonserten i Sveriges Radio P2! N\u00e4r ans\u00f6kningstiden gick ut 15 februari hade 120 s\u00e5ngare fr\u00e5n ett trettiotal l\u00e4nder, anm\u00e4lt sig till \u00e5rets Stenhammart\u00e4vling, som \u00e4ger rum i De Geerhallen, Norrk\u00f6ping 2-10 juni 2020! &#8211; Vi kan bara ta emot max.70 s\u00e5ngare till f\u00f6rsta ronden och det [&hellip;]","og_url":"https:\/\/www.stenhammarcompetition.se\/sv\/stenhammartavlingen-sands-for-forsta-gangen-i-sveriges-radio-p2\/","og_site_name":"WSIMC","article_published_time":"2020-02-27T12:49:01+00:00","article_modified_time":"2020-02-27T13:01:55+00:00","og_image":[{"width":3264,"height":2448,"url":"https:\/\/www.stenhammarcompetition.se\/wp-content\/uploads\/2019\/09\/Mobilbild-Sonja-o-Finalister.jpg","type":"image\/jpeg"}],"author":"stenhammar","twitter_card":"summary_large_image","twitter_misc":{"Skriven av":"stenhammar","Ber\u00e4knad l\u00e4stid":"2 minuter"},"schema":{"@context":"https:\/\/schema.org","@graph":[{"@type":"WebPage","@id":"https:\/\/www.stenhammarcompetition.se\/sv\/stenhammartavlingen-sands-for-forsta-gangen-i-sveriges-radio-p2\/","url":"https:\/\/www.stenhammarcompetition.se\/sv\/stenhammartavlingen-sands-for-forsta-gangen-i-sveriges-radio-p2\/","name":"Stenhammart\u00e4vlingens finalkonsert s\u00e4nds f\u00f6r f\u00f6rsta g\u00e5ngen i Sveriges Radio P2 - WSIMC","isPartOf":{"@id":"https:\/\/www.stenhammarcompetition.se\/sv\/#website"},"datePublished":"2020-02-27T12:49:01+00:00","dateModified":"2020-02-27T13:01:55+00:00","author":{"@id":"https:\/\/www.stenhammarcompetition.se\/sv\/#\/schema\/person\/f41403fe3f5d531f3b04a4993018adc9"},"breadcrumb":{"@id":"https:\/\/www.stenhammarcompetition.se\/sv\/stenhammartavlingen-sands-for-forsta-gangen-i-sveriges-radio-p2\/#breadcrumb"},"inLanguage":"sv-SE","potentialAction":[{"@type":"ReadAction","target":["https:\/\/www.stenhammarcompetition.se\/sv\/stenhammartavlingen-sands-for-forsta-gangen-i-sveriges-radio-p2\/"]}]},{"@type":"BreadcrumbList","@id":"https:\/\/www.stenhammarcompetition.se\/sv\/stenhammartavlingen-sands-for-forsta-gangen-i-sveriges-radio-p2\/#breadcrumb","itemListElement":[{"@type":"ListItem","position":1,"name":"WSIMC","item":"https:\/\/www.stenhammarcompetition.se\/sv\/"},{"@type":"ListItem","position":2,"name":"Stenhammart\u00e4vlingens finalkonsert s\u00e4nds f\u00f6r f\u00f6rsta g\u00e5ngen i Sveriges Radio P2"}]},{"@type":"WebSite","@id":"https:\/\/www.stenhammarcompetition.se\/sv\/#website","url":"https:\/\/www.stenhammarcompetition.se\/sv\/","name":"WSIMC","description":"Wilhelm Stenhammar International Music Competition","potentialAction":[{"@type":"SearchAction","target":{"@type":"EntryPoint","urlTemplate":"https:\/\/www.stenhammarcompetition.se\/sv\/?s={search_term_string}"},"query-input":"required name=search_term_string"}],"inLanguage":"sv-SE"},{"@type":"Person","@id":"https:\/\/www.stenhammarcompetition.se\/sv\/#\/schema\/person\/f41403fe3f5d531f3b04a4993018adc9","name":"stenhammar","image":{"@type":"ImageObject","inLanguage":"sv-SE","@id":"https:\/\/www.stenhammarcompetition.se\/sv\/#\/schema\/person\/image\/","url":"https:\/\/secure.gravatar.com\/avatar\/7dc60c48582b99dc8135ce67eeed95fb?s=96&d=mm&r=g","contentUrl":"https:\/\/secure.gravatar.com\/avatar\/7dc60c48582b99dc8135ce67eeed95fb?s=96&d=mm&r=g","caption":"stenhammar"},"url":"https:\/\/www.stenhammarcompetition.se\/sv\/author\/stenhammar\/"}]}},"_links":{"self":[{"href":"https:\/\/www.stenhammarcompetition.se\/sv\/wp-json\/wp\/v2\/posts\/5119"}],"collection":[{"href":"https:\/\/www.stenhammarcompetition.se\/sv\/wp-json\/wp\/v2\/posts"}],"about":[{"href":"https:\/\/www.stenhammarcompetition.se\/sv\/wp-json\/wp\/v2\/types\/post"}],"author":[{"embeddable":true,"href":"https:\/\/www.stenhammarcompetition.se\/sv\/wp-json\/wp\/v2\/users\/75"}],"replies":[{"embeddable":true,"href":"https:\/\/www.stenhammarcompetition.se\/sv\/wp-json\/wp\/v2\/comments?post=5119"}],"version-history":[{"count":2,"href":"https:\/\/www.stenhammarcompetition.se\/sv\/wp-json\/wp\/v2\/posts\/5119\/revisions"}],"predecessor-version":[{"id":5125,"href":"https:\/\/www.stenhammarcompetition.se\/sv\/wp-json\/wp\/v2\/posts\/5119\/revisions\/5125"}],"wp:featuredmedia":[{"embeddable":true,"href":"https:\/\/www.stenhammarcompetition.se\/sv\/wp-json\/wp\/v2\/media\/888"}],"wp:attachment":[{"href":"https:\/\/www.stenhammarcompetition.se\/sv\/wp-json\/wp\/v2\/media?parent=5119"}],"wp:term":[{"taxonomy":"category","embeddable":true,"href":"https:\/\/www.stenhammarcompetition.se\/sv\/wp-json\/wp\/v2\/categories?post=5119"},{"taxonomy":"post_tag","embeddable":true,"href":"https:\/\/www.stenhammarcompetition.se\/sv\/wp-json\/wp\/v2\/tags?post=5119"}],"curies":[{"name":"wp","href":"https:\/\/api.w.org\/{rel}","templated":true}]}}