{"id":10608,"date":"2024-07-02T10:52:37","date_gmt":"2024-07-02T08:52:37","guid":{"rendered":"https:\/\/www.stenhammarcompetition.se\/?p=10608"},"modified":"2024-07-02T10:52:37","modified_gmt":"2024-07-02T08:52:37","slug":"tack-for-i-ar","status":"publish","type":"post","link":"https:\/\/www.stenhammarcompetition.se\/sv\/tack-for-i-ar\/","title":{"rendered":"Tack f\u00f6r i \u00e5r!"},"content":{"rendered":"<p>2024 \u00e5rs t\u00e4vling \u00e4r avslutad och merparten av s\u00e5ngarna g\u00e5r nu st\u00e4rkta vidare i sina karri\u00e4rer. F\u00f6r<br \/>\n\u00e5rets vinnare, sopranen Matilda Sterby, v\u00e4ntar engagemang s\u00e5v\u00e4l p\u00e5 operan i Malm\u00f6 som G\u00f6teborg,<br \/>\noch i b\u00f6rjan av 2025 sjunger hon Magda i Puccinis \u201dLa Rondine\u201d p\u00e5 Volksoper Wien. I Wien finns<br \/>\nocks\u00e5 andrapristagaren Celine Mun fr\u00e5n Sydkorea. Tredjepristagaren Mathilda Bryngelsson, kan<br \/>\navnjutas i \u201dBellini\u201d i Opera p\u00e5 Sk\u00e4ret nu i juli\/augusti. Sk\u00f6ns\u00e5ngande tenoren Jaesung Kim, publikens<br \/>\nfavorit, \u00e5terv\u00e4nder till Operan i Heidelberg. F\u00f6r unga Alva Olsson v\u00e4ntar s\u00e4kerligen en sp\u00e4nnande<br \/>\nframtid. Alla deltagare \u00e4r v\u00e4rda ett stort tack f\u00f6r att ni bidragit till att \u00e5rets t\u00e4vling h\u00f6ll s\u00e5 h\u00f6g kvalitet<br \/>\noch att publiken och streamingf\u00f6ljare fick en veckas h\u00f6gtidsstund.<\/p>\n<p>Den internationella juryn, vars betydelse f\u00f6r t\u00e4vlingens attraktionskraft f\u00f6r s\u00e5ngarna inte kan<br \/>\n\u00f6verskattas, f\u00f6rtj\u00e4nar som vanligt ber\u00f6m och tack, liksom v\u00e5ra pianister, Magnus Svensson och Lars<br \/>\nDavid Nilsson.<\/p>\n<p>Tack ocks\u00e5 till Norrk\u00f6pings Symfoniorkester och dess huvudman, Scenkonst \u00d6st AB, liksom<br \/>\nNorrk\u00f6pings kommun, Region \u00d6sterg\u00f6tland, sponsorer och andra bidragsgivare och<br \/>\nsamarbetspartner f\u00f6r att den nionde upplagan av Wilhelm Stenhammar International Music<br \/>\nCompetition blev s\u00e5 lyckad.<\/p>\n<p>Vi st\u00e4nger nu b\u00f6ckerna f\u00f6r \u00e5rets t\u00e4vling och blickar fram\u00e5t mot 10-\u00e5rsjubileum i juni 2026!<br \/>\nI v\u00e4ntan p\u00e5 n\u00e4sta g\u00e5ng kan vi i alla fall njuta av 2022 \u00e5rs segrare, Vera Talerko, som sjunger med<br \/>\nsymfoniorkestern i Norrk\u00f6ping p\u00e5 Gyllene upptakt den 4 januari.<\/p>\n<p>WILHELM STENHAMMARS STIFTELSE<\/p>\n<p>Claes Egnell<br \/>\nOrdf\u00f6rande<\/p>\n","protected":false},"excerpt":{"rendered":"<p>2024 \u00e5rs t\u00e4vling \u00e4r avslutad och merparten av s\u00e5ngarna g\u00e5r nu st\u00e4rkta vidare i sina karri\u00e4rer. F\u00f6r \u00e5rets vinnare, sopranen Matilda Sterby, v\u00e4ntar engagemang s\u00e5v\u00e4l p\u00e5 operan i Malm\u00f6 som G\u00f6teborg, och i b\u00f6rjan av 2025 sjunger hon Magda i Puccinis \u201dLa Rondine\u201d p\u00e5 Volksoper Wien. I Wien finns ocks\u00e5 andrapristagaren Celine Mun fr\u00e5n Sydkorea. [&hellip;]<\/p>\n","protected":false},"author":75,"featured_media":10598,"comment_status":"open","ping_status":"open","sticky":false,"template":"","format":"standard","meta":[],"categories":[26],"tags":[],"acf":[],"yoast_head":"<!-- This site is optimized with the Yoast SEO plugin v20.9 - https:\/\/yoast.com\/wordpress\/plugins\/seo\/ -->\n<title>Tack f\u00f6r i \u00e5r! - WSIMC<\/title>\n<meta name=\"robots\" content=\"index, follow, max-snippet:-1, max-image-preview:large, max-video-preview:-1\" \/>\n<link rel=\"canonical\" href=\"https:\/\/www.stenhammarcompetition.se\/sv\/tack-for-i-ar\/\" \/>\n<meta property=\"og:locale\" content=\"sv_SE\" \/>\n<meta property=\"og:type\" content=\"article\" \/>\n<meta property=\"og:title\" content=\"Tack f\u00f6r i \u00e5r! - WSIMC\" \/>\n<meta property=\"og:description\" content=\"2024 \u00e5rs t\u00e4vling \u00e4r avslutad och merparten av s\u00e5ngarna g\u00e5r nu st\u00e4rkta vidare i sina karri\u00e4rer. F\u00f6r \u00e5rets vinnare, sopranen Matilda Sterby, v\u00e4ntar engagemang s\u00e5v\u00e4l p\u00e5 operan i Malm\u00f6 som G\u00f6teborg, och i b\u00f6rjan av 2025 sjunger hon Magda i Puccinis \u201dLa Rondine\u201d p\u00e5 Volksoper Wien. I Wien finns ocks\u00e5 andrapristagaren Celine Mun fr\u00e5n Sydkorea. [&hellip;]\" \/>\n<meta property=\"og:url\" content=\"https:\/\/www.stenhammarcompetition.se\/sv\/tack-for-i-ar\/\" \/>\n<meta property=\"og:site_name\" content=\"WSIMC\" \/>\n<meta property=\"article:published_time\" content=\"2024-07-02T08:52:37+00:00\" \/>\n<meta property=\"og:image\" content=\"https:\/\/www.stenhammarcompetition.se\/wp-content\/uploads\/2024\/06\/IMG_7488-scaled.jpeg\" \/>\n\t<meta property=\"og:image:width\" content=\"2560\" \/>\n\t<meta property=\"og:image:height\" content=\"1920\" \/>\n\t<meta property=\"og:image:type\" content=\"image\/jpeg\" \/>\n<meta name=\"author\" content=\"stenhammar\" \/>\n<meta name=\"twitter:card\" content=\"summary_large_image\" \/>\n<meta name=\"twitter:label1\" content=\"Skriven av\" \/>\n\t<meta name=\"twitter:data1\" content=\"stenhammar\" \/>\n\t<meta name=\"twitter:label2\" content=\"Ber\u00e4knad l\u00e4stid\" \/>\n\t<meta name=\"twitter:data2\" content=\"2 minuter\" \/>\n<script type=\"application\/ld+json\" class=\"yoast-schema-graph\">{\"@context\":\"https:\/\/schema.org\",\"@graph\":[{\"@type\":\"WebPage\",\"@id\":\"https:\/\/www.stenhammarcompetition.se\/sv\/tack-for-i-ar\/\",\"url\":\"https:\/\/www.stenhammarcompetition.se\/sv\/tack-for-i-ar\/\",\"name\":\"Tack f\u00f6r i \u00e5r! - WSIMC\",\"isPartOf\":{\"@id\":\"https:\/\/www.stenhammarcompetition.se\/sv\/#website\"},\"datePublished\":\"2024-07-02T08:52:37+00:00\",\"dateModified\":\"2024-07-02T08:52:37+00:00\",\"author\":{\"@id\":\"https:\/\/www.stenhammarcompetition.se\/sv\/#\/schema\/person\/f41403fe3f5d531f3b04a4993018adc9\"},\"breadcrumb\":{\"@id\":\"https:\/\/www.stenhammarcompetition.se\/sv\/tack-for-i-ar\/#breadcrumb\"},\"inLanguage\":\"sv-SE\",\"potentialAction\":[{\"@type\":\"ReadAction\",\"target\":[\"https:\/\/www.stenhammarcompetition.se\/sv\/tack-for-i-ar\/\"]}]},{\"@type\":\"BreadcrumbList\",\"@id\":\"https:\/\/www.stenhammarcompetition.se\/sv\/tack-for-i-ar\/#breadcrumb\",\"itemListElement\":[{\"@type\":\"ListItem\",\"position\":1,\"name\":\"WSIMC\",\"item\":\"https:\/\/www.stenhammarcompetition.se\/sv\/\"},{\"@type\":\"ListItem\",\"position\":2,\"name\":\"Tack f\u00f6r i \u00e5r!\"}]},{\"@type\":\"WebSite\",\"@id\":\"https:\/\/www.stenhammarcompetition.se\/sv\/#website\",\"url\":\"https:\/\/www.stenhammarcompetition.se\/sv\/\",\"name\":\"WSIMC\",\"description\":\"Wilhelm Stenhammar International Music Competition\",\"potentialAction\":[{\"@type\":\"SearchAction\",\"target\":{\"@type\":\"EntryPoint\",\"urlTemplate\":\"https:\/\/www.stenhammarcompetition.se\/sv\/?s={search_term_string}\"},\"query-input\":\"required name=search_term_string\"}],\"inLanguage\":\"sv-SE\"},{\"@type\":\"Person\",\"@id\":\"https:\/\/www.stenhammarcompetition.se\/sv\/#\/schema\/person\/f41403fe3f5d531f3b04a4993018adc9\",\"name\":\"stenhammar\",\"image\":{\"@type\":\"ImageObject\",\"inLanguage\":\"sv-SE\",\"@id\":\"https:\/\/www.stenhammarcompetition.se\/sv\/#\/schema\/person\/image\/\",\"url\":\"https:\/\/secure.gravatar.com\/avatar\/7dc60c48582b99dc8135ce67eeed95fb?s=96&d=mm&r=g\",\"contentUrl\":\"https:\/\/secure.gravatar.com\/avatar\/7dc60c48582b99dc8135ce67eeed95fb?s=96&d=mm&r=g\",\"caption\":\"stenhammar\"},\"url\":\"https:\/\/www.stenhammarcompetition.se\/sv\/author\/stenhammar\/\"}]}<\/script>\n<!-- \/ Yoast SEO plugin. -->","yoast_head_json":{"title":"Tack f\u00f6r i \u00e5r! - WSIMC","robots":{"index":"index","follow":"follow","max-snippet":"max-snippet:-1","max-image-preview":"max-image-preview:large","max-video-preview":"max-video-preview:-1"},"canonical":"https:\/\/www.stenhammarcompetition.se\/sv\/tack-for-i-ar\/","og_locale":"sv_SE","og_type":"article","og_title":"Tack f\u00f6r i \u00e5r! - WSIMC","og_description":"2024 \u00e5rs t\u00e4vling \u00e4r avslutad och merparten av s\u00e5ngarna g\u00e5r nu st\u00e4rkta vidare i sina karri\u00e4rer. F\u00f6r \u00e5rets vinnare, sopranen Matilda Sterby, v\u00e4ntar engagemang s\u00e5v\u00e4l p\u00e5 operan i Malm\u00f6 som G\u00f6teborg, och i b\u00f6rjan av 2025 sjunger hon Magda i Puccinis \u201dLa Rondine\u201d p\u00e5 Volksoper Wien. I Wien finns ocks\u00e5 andrapristagaren Celine Mun fr\u00e5n Sydkorea. [&hellip;]","og_url":"https:\/\/www.stenhammarcompetition.se\/sv\/tack-for-i-ar\/","og_site_name":"WSIMC","article_published_time":"2024-07-02T08:52:37+00:00","og_image":[{"width":2560,"height":1920,"url":"https:\/\/www.stenhammarcompetition.se\/wp-content\/uploads\/2024\/06\/IMG_7488-scaled.jpeg","type":"image\/jpeg"}],"author":"stenhammar","twitter_card":"summary_large_image","twitter_misc":{"Skriven av":"stenhammar","Ber\u00e4knad l\u00e4stid":"2 minuter"},"schema":{"@context":"https:\/\/schema.org","@graph":[{"@type":"WebPage","@id":"https:\/\/www.stenhammarcompetition.se\/sv\/tack-for-i-ar\/","url":"https:\/\/www.stenhammarcompetition.se\/sv\/tack-for-i-ar\/","name":"Tack f\u00f6r i \u00e5r! - WSIMC","isPartOf":{"@id":"https:\/\/www.stenhammarcompetition.se\/sv\/#website"},"datePublished":"2024-07-02T08:52:37+00:00","dateModified":"2024-07-02T08:52:37+00:00","author":{"@id":"https:\/\/www.stenhammarcompetition.se\/sv\/#\/schema\/person\/f41403fe3f5d531f3b04a4993018adc9"},"breadcrumb":{"@id":"https:\/\/www.stenhammarcompetition.se\/sv\/tack-for-i-ar\/#breadcrumb"},"inLanguage":"sv-SE","potentialAction":[{"@type":"ReadAction","target":["https:\/\/www.stenhammarcompetition.se\/sv\/tack-for-i-ar\/"]}]},{"@type":"BreadcrumbList","@id":"https:\/\/www.stenhammarcompetition.se\/sv\/tack-for-i-ar\/#breadcrumb","itemListElement":[{"@type":"ListItem","position":1,"name":"WSIMC","item":"https:\/\/www.stenhammarcompetition.se\/sv\/"},{"@type":"ListItem","position":2,"name":"Tack f\u00f6r i \u00e5r!"}]},{"@type":"WebSite","@id":"https:\/\/www.stenhammarcompetition.se\/sv\/#website","url":"https:\/\/www.stenhammarcompetition.se\/sv\/","name":"WSIMC","description":"Wilhelm Stenhammar International Music Competition","potentialAction":[{"@type":"SearchAction","target":{"@type":"EntryPoint","urlTemplate":"https:\/\/www.stenhammarcompetition.se\/sv\/?s={search_term_string}"},"query-input":"required name=search_term_string"}],"inLanguage":"sv-SE"},{"@type":"Person","@id":"https:\/\/www.stenhammarcompetition.se\/sv\/#\/schema\/person\/f41403fe3f5d531f3b04a4993018adc9","name":"stenhammar","image":{"@type":"ImageObject","inLanguage":"sv-SE","@id":"https:\/\/www.stenhammarcompetition.se\/sv\/#\/schema\/person\/image\/","url":"https:\/\/secure.gravatar.com\/avatar\/7dc60c48582b99dc8135ce67eeed95fb?s=96&d=mm&r=g","contentUrl":"https:\/\/secure.gravatar.com\/avatar\/7dc60c48582b99dc8135ce67eeed95fb?s=96&d=mm&r=g","caption":"stenhammar"},"url":"https:\/\/www.stenhammarcompetition.se\/sv\/author\/stenhammar\/"}]}},"_links":{"self":[{"href":"https:\/\/www.stenhammarcompetition.se\/sv\/wp-json\/wp\/v2\/posts\/10608"}],"collection":[{"href":"https:\/\/www.stenhammarcompetition.se\/sv\/wp-json\/wp\/v2\/posts"}],"about":[{"href":"https:\/\/www.stenhammarcompetition.se\/sv\/wp-json\/wp\/v2\/types\/post"}],"author":[{"embeddable":true,"href":"https:\/\/www.stenhammarcompetition.se\/sv\/wp-json\/wp\/v2\/users\/75"}],"replies":[{"embeddable":true,"href":"https:\/\/www.stenhammarcompetition.se\/sv\/wp-json\/wp\/v2\/comments?post=10608"}],"version-history":[{"count":1,"href":"https:\/\/www.stenhammarcompetition.se\/sv\/wp-json\/wp\/v2\/posts\/10608\/revisions"}],"predecessor-version":[{"id":10609,"href":"https:\/\/www.stenhammarcompetition.se\/sv\/wp-json\/wp\/v2\/posts\/10608\/revisions\/10609"}],"wp:featuredmedia":[{"embeddable":true,"href":"https:\/\/www.stenhammarcompetition.se\/sv\/wp-json\/wp\/v2\/media\/10598"}],"wp:attachment":[{"href":"https:\/\/www.stenhammarcompetition.se\/sv\/wp-json\/wp\/v2\/media?parent=10608"}],"wp:term":[{"taxonomy":"category","embeddable":true,"href":"https:\/\/www.stenhammarcompetition.se\/sv\/wp-json\/wp\/v2\/categories?post=10608"},{"taxonomy":"post_tag","embeddable":true,"href":"https:\/\/www.stenhammarcompetition.se\/sv\/wp-json\/wp\/v2\/tags?post=10608"}],"curies":[{"name":"wp","href":"https:\/\/api.w.org\/{rel}","templated":true}]}}